{"id":30315,"date":"2025-01-28T13:29:27","date_gmt":"2025-01-28T11:29:27","guid":{"rendered":"https:\/\/www.thinc-israel.org\/uitleg\/onevenwichtige-rechtspraak-van-het-internationaal-strafhof\/"},"modified":"2025-02-27T18:08:01","modified_gmt":"2025-02-27T16:08:01","slug":"onevenwichtige-rechtspraak-van-het-internationaal-strafhof","status":"publish","type":"post","link":"http:\/\/thinc-israel.org\/nl\/uitleg\/onevenwichtige-rechtspraak-van-het-internationaal-strafhof\/","title":{"rendered":"Onevenwichtige rechtspraak van het Internationaal Strafhof"},"content":{"rendered":"\n<p>Door Eli Kenin, onafhankelijk schrijver, onderzoeker en vertaler in Jeruzalem<\/p>\n\n<p class=\"has-medium-font-size\">Het Hof voert juridische acrobatiek uit om Isra\u00eblische leiders aan te klagen terwijl het zijn plicht verzaakt om de dictator van Venezuela voor het gerecht te brengen<\/p>\n\n<p class=\"has-medium-font-size\">The International Criminal Court\u2019s logo displays a scale nestled between two olive branches symbolizing the balance between justice and peace. Each year, on July 17th, the ICC celebrates the signing of <em>The Rome Statue<\/em> in 1998, the international treaty that established it, with themes such \u201cbuilding a more just world\u201d and \u201ca world without impunity.\u201d  Yet, twenty-two years after the court began to function in 2002, Karim Khan, the current chief prosecutor, has issued an arrest warrant for Israel\u2019s democratically elected Prime Minster Benyamin Netanyahu while offering near impunity to Venezuelan dictator Nicol\u00e1s Maduro.<\/p>\n\n<p class=\"has-medium-font-size\">Ondertussen wordt Khan, een Engelse advocaat van Pakistaanse afkomst, <a href=\"https:\/\/www.cbsnews.com\/news\/karim-khan-icc-war-crimes-charges-israel-netanyahu-hamas-sexual-misconduct-claims\/\" rel=\"nofollow noopener\" target=\"_blank\">beschuldigd <\/a>van seksuele intimidatie van een werknemer, terwijl zijn <a href=\"https:\/\/www.washingtonpost.com\/world\/2024\/09\/06\/maduro-survives-election-opposition-options\/\" rel=\"nofollow noopener\" target=\"_blank\">schoonzus <\/a>Maduro vertegenwoordigt voor de rechtbank die hij leidt, een duidelijke schending van <a href=\"https:\/\/www.icc-cpi.int\/sites\/default\/files\/iccdocs\/oj\/otp-COC-Eng.PDF\" rel=\"nofollow noopener\" target=\"_blank\">de gedragscode van het ICC voor het kantoor van de aanklager.<\/a><\/p>\n\n<p class=\"has-medium-font-size\">The International Court of Justice describes itself as \u201cthe world\u2019s first permanent international criminal court.\u201d The ICC is an <a href=\"https:\/\/ask.un.org\/faq\/97157\" rel=\"nofollow noopener\" target=\"_blank\">independent judicial body<\/a> distinct from the United Nations, although the Rome Statute, which is the basis of its creation, was negotiated within the UN. <\/p>\n\n<p class=\"has-medium-font-size\">The Court\u2019s power to prosecute is limited by two provisions in the Rome Statute: voluntary adherence to the treaty as a &#8216;State Party&#8217; and &#8216;<em>complementarity<\/em>,&#8217; which means that national courts must be incapable of prosecuting an individual before the ICC can step in.<\/p>\n\n<p class=\"has-medium-font-size\"><strong>De interventie van het ICC in Isra\u00ebl en Venezuela vergeleken<\/strong><\/p>\n\n<p class=\"has-medium-font-size\">Nicol\u00e1s Maduro Moros is sinds 2013 president van Venezuela, na de dood van de sterke man Hugo Chavez. Sindsdien heeft hij de macht behouden door een reeks omstreden verkiezingen, waarvan de laatste plaatsvond op <a href=\"htttps:\/\/www.state.gov\/assessing-the-results-of-venezuelas-presidential-election\/\" rel=\"nofollow noopener\" target=\"_blank\">28<sup>e<\/sup> juli van dit jaar.<\/a>  This time, there is irrefutable evidence that the election was stolen. Caught off guard, Maduro stepped up <a href=\"https:\/\/apnews.com\/article\/venezuela-maduro-election-edmundo-gonzalez-rights-75393ebfa98a0ae7f30801547265c2ba\" rel=\"nofollow noopener\" target=\"_blank\">repression<\/a>, which has been documented since 2014, with the aid of his Cuban and <a href=\"https:\/\/defence-blog.com\/russias-notorious-private-military-company-spotted-in-venezuela\/\" rel=\"nofollow noopener\" target=\"_blank\">Russian<\/a> allies. Over 7.7 million Venezuelans (20% of the population) <a href=\"https:\/\/www.unrefugees.org\/emergencies\/venezuela\/\" rel=\"nofollow noopener\" target=\"_blank\">have fled<\/a> since 2014, one of the largest displacement crises in the world.  <\/p>\n\n<p class=\"has-medium-font-size\">In 2021 opende het Internationaal Strafhof formele onderzoeken naar oorlogsmisdaden en misdaden tegen de menselijkheid in de <a href=\"https:\/\/www.icc-cpi.int\/news\/statement-icc-prosecutor-fatou-bensouda-respecting-investigation-situation-palestine\" rel=\"nofollow noopener\" target=\"_blank\">Palestijnse gebieden<\/a> (3 maart 2021) en misdaden tegen de menselijkheid in <a href=\"https:\/\/www.icc-cpi.int\/news\/icc-prosecutor-mr-karim-aa-khan-qc-opens-investigation-situation-venezuela-and-concludes\" rel=\"nofollow noopener\" target=\"_blank\">Venezuela <\/a>(3 november 2021). <\/p>\n\n<p class=\"has-medium-font-size\">Although the ICC considers the gravity of crimes, it does not prioritize cases based on whether they occur during interstate conflicts, civil wars, or state repression. Venezuela exemplifies the latter, while the Israel\/Palestine conflict is classified as both an international (IAC) and a non-international (NIAC) armed conflict, underscoring its legal complexity. <\/p>\n\n<p class=\"has-medium-font-size\">It may appear incongruous to contrast cases that are inherently different. However, given the legal maneuvering required to charge Israeli leaders compared to the simplicity of the Venezuelan case, the International Criminal Court should have already issued arrest warrants for Nicol\u00e1s Maduro and his collaborators. <\/p>\n\n<p class=\"has-medium-font-size\">In effect, Venezuela represents a classic case for which the International Court of Justice was created: A <em>State Signatory<\/em> to the Rome Statue with recognized international borders in which specific individuals in governmental positions have allegedly abused its citizens\u2019 human rights and undermined the national court system, leaving them without legal recourse. In addition, the case of Venezuela was referred to the Court by multiple sovereign states, all full members of the United Nations, and signatories of the Rome Statue. <\/p>\n\n<p class=\"has-medium-font-size\">Israel is not a signatory of the Rome Statue. However, the International Court of Justice considers that a crime committed on the territory of a Member State gives it jurisdiction to prosecute the offending nation. Since \u201cthe State of Palestine\u201d is a signatory to the Statue, the Court ruled that it can prosecute Israel\u2019s democratically elected leaders. Om dit te doen, was een verdere uitspraak nodig dat het grondgebied van Palestina zich uitstrekt tot &#8220;Gaza en de Westelijke Jordaanoever, met inbegrip van Oost-Jeruzalem,&#8221; een beslissing die de voorzittende rechter in een panel van drie die het goedkeurde <a href=\"https:\/\/www.icc-cpi.int\/court-record\/icc-01\/18-143-anx1\" rel=\"nofollow noopener\" target=\"_blank\">[legal] acrobatiek<\/a> noemde.<br\/><br\/> The <a href=\"https:\/\/www.icc-cpi.int\/sites\/default\/files\/itemsDocuments\/2018-05-22_ref-palestine.pdf\" rel=\"nofollow noopener\" target=\"_blank\">referring state<\/a> was \u201cthe State of Palestine,\u201d whose status as a sovereign state is not recognized by the UN and its judicial organ, the International Court of Justice. <\/p>\n\n<p class=\"has-medium-font-size\">Although there have been jurisdictional issues in other cases such as Russia\/Ukraine and Myanmar\/Bangladesh, the International Criminal Court has stretched its definitions of both jurisdiction and national sovereignty even further to extend its authority over Israel. <\/p>\n\n<p class=\"has-medium-font-size\"><strong>The ICC&#8217;s slow investigation of Maduro&#8217;s human rights violations<\/strong><\/p>\n\n<p class=\"has-medium-font-size\">In August 2017, the UN High Commissioner for Human Rights released a detailed report on repression in Venezuela, documenting extrajudicial killings, torture (including beatings, electric shocks, suffocation, and threats of sexual violence), arbitrary detentions, enforced disappearances, and political repression, with women and children among the victims. These findings have been consistently echoed in subsequent investigations into Venezuela\u2019s human rights abuses. <\/p>\n\n<p class=\"has-medium-font-size\">In september 2018 ontving het ICC een verwijzing van Canada en vijf Latijns-Amerikaanse landen met het verzoek om een onderzoek in te stellen naar mensenrechtenschendingen in Venezuela sinds februari 2014.<\/p>\n\n<p class=\"has-medium-font-size\">Eind 2020 maakte de Organisatie van Amerikaanse Staten melding van 18.000 moorden, 15.000 willekeurige arrestaties en 650 martelingen sinds 2014 in wat zij de ergste humanitaire crisis in de geschiedenis van het continent noemt. Het vernietigende 145 pagina&#8217;s tellende rapport: <em>Fostering Impunity: the impact of the failure of the prosecutor of the International Criminal Court to open an investigation into crimes against humanity in Venezuela.<\/em><br\/>beweert dat het gebrek aan actie &#8220;Maduro aanmoedigt om meer misdaden te plegen en frauduleuze stemmen te organiseren&#8221;. <\/p>\n\n<p class=\"has-medium-font-size\">De hoofdaanklager van het ICC, Karim Khan, concludeerde uiteindelijk in <a href=\"https:\/\/www.reuters.com\/article\/world\/americas\/icc-prosecutor-sees-reasonable-basis-to-believe-venezuela-committed-crimes-aga-idUSKBN28O2ZR\/\" rel=\"nofollow noopener\" target=\"_blank\">december 2020<\/a> dat er &#8220;een redelijke basis was om aan te nemen dat deze misdaden hadden plaatsgevonden&#8221;, maar opende pas eind 2021, bijna een jaar later, een <a href=\"https:\/\/www.icc-cpi.int\/news\/icc-prosecutor-mr-karim-aa-khan-qc-opens-investigation-situation-venezuela-and-concludes\" rel=\"nofollow noopener\" target=\"_blank\">formeel onderzoek.<\/a><\/p>\n\n<p class=\"has-medium-font-size\">In april 2022, bijna zes maanden na de opening van het formele onderzoek, aanvaardde het Hof het verzoek van Venezuela om zelf een onderzoek in te stellen op grond van artikel 18, lid 2, van het Statuut van Rome, dat de status van het ICC als hof van laatste instantie bevestigt en voorrang geeft aan nationale vervolgingen. Het Hof hervatte het onderzoek pas in maart 2024 na het verwerpen van het beroep van Venezuela dat zijn rechtssysteem het onderzoek onafhankelijk zou kunnen leiden.<br\/><br\/><br\/> <\/p>\n\n<p class=\"has-medium-font-size\"><strong>Dringende oproepen tot actie na de verkiezingen van 28<sup>e<\/sup> juli<\/strong><\/p>\n\n<p class=\"has-medium-font-size\">On August 8th, Amnesty International <a href=\"https:\/\/www.amnesty.org\/en\/latest\/news\/2024\/08\/venezuela-crimes-demand-urgent-action-icc-prosecutor\/\" rel=\"nofollow noopener\" target=\"_blank\">called<\/a> Prosecutor Karim Khan&#8217;s silence on the Venezuelan crisis \u201calarming.\u201d On September 7th, 31 former Spanish and Latin American leaders <a href=\"https:\/\/www.euronews.com\/my-europe\/2024\/09\/07\/pastrana-and-30-other-former-ibero-american-leaders-call-on-icc-to-order-maduros-arrest\" rel=\"nofollow noopener\" target=\"_blank\">urged<\/a> the ICC to issue an arrest warrant for President Nicol\u00e1s Maduro and his associates for crimes against humanity and state terrorism. <\/p>\n\n<p class=\"has-medium-font-size\">Onder internationale druk riep Khan op 2<sup>e<\/sup> december op tot de vrijlating van minderjarigen die na de verkiezingen in Venezuela werden vastgehouden en waarschuwde hij dat &#8220;het principe van <em>complementariteit <\/em>en samenwerking op zijn retour is&#8221;. De hoofdaanklager gebruikt deze pijler van het Statuut van Rome al jaren om de autoritaire leider van Venezuela te vertroetelen.<\/p>\n\n<p class=\"has-medium-font-size\">The Chief Prosecutor\u2019s faith in Venezuela\u2019s courts is astounding considering that Human Rights Watch <a href=\"https:\/\/www.hrw.org\/world-report\/2023\/country-chapters\/venezuela\" rel=\"nofollow noopener\" target=\"_blank\">reported<\/a> that \u201cThe [Venezuelan] judiciary stopped functioning as an independent branch of government in 2004,\u201d and that \u201cjudicial authorities have been complicit in abuses.\u201d<\/p>\n\n<p class=\"has-medium-font-size\"><strong>De &#8220;Staat Palestina&#8221; en het Internationaal Strafhof<\/strong><\/p>\n\n<p class=\"has-medium-font-size\"><a>In November 2012, the UN General Assembly granted Palestinians &#8220;<\/a><a href=\"https:\/\/www.un.org\/unispal\/document\/auto-insert-182149\/\" rel=\"nofollow noopener\" target=\"_blank\">non-member observer state&#8221; status<\/a>. The decision did not confirm Palestine as a sovereign nation but allowed it to request membership in international organizations such as the International Criminal Court. <\/p>\n\n<p class=\"has-medium-font-size\">Volgens een <a href=\"https:\/\/www.icc-cpi.int\/victims\/state-palestine\" rel=\"nofollow noopener\" target=\"_blank\">verklaring van het ICC<\/a>: &#8220;Op 1 januari 2015 aanvaardde de regering van &#8216;De Staat Palestina&#8217; &#8220;de jurisdictie van het Internationaal Strafhof over vermeende misdaden gepleegd in de bezette Palestijnse gebieden, inclusief Oost-Jeruzalem, sinds 13 juni 2014.&#8221;<\/p>\n\n<p class=\"has-medium-font-size\">Hoewel het gebruik van het woord &#8220;staat&#8221; kan worden gerechtvaardigd als juridische ICC-terminologie die wordt toegepast op alle ondertekenaars, impliceert het voor Isra\u00ebli&#8217;s de erkenning van Palestina als soevereine natie.<\/p>\n\n<p class=\"has-medium-font-size\">Op 16 januari 2015 begon de toenmalige hoofdaanklager van het ICC, Fatou Bensouda, van Gambiaanse nationaliteit, met een vooronderzoek naar &#8220;de situatie in Palestina&#8221;, dat in december 2019 werd <a href=\"https:\/\/www.icc-cpi.int\/news\/statement-icc-prosecutor-fatou-bensouda-conclusion-preliminary-examination-situation-palestine\" rel=\"nofollow noopener\" target=\"_blank\">afgerond<\/a>.<\/p>\n\n<p class=\"has-medium-font-size\">Terwijl het onderzoek naar Venezuela gebaseerd was op een verwijzing door zes Statenleden, was de verwijzing om een onderzoek tegen Isra\u00ebl te openen een document <a href=\"https:\/\/www.icc-cpi.int\/sites\/default\/files\/itemsDocuments\/2018-05-22_ref-palestine.pdf\" rel=\"nofollow noopener\" target=\"_blank\">van 18 pagina&#8217;s,<\/a> ondertekend door Riyad al-Maliki, de minister van Buitenlandse Zaken van de Palestijnse Autoriteit, waarin hij klaagde dat het vooronderzoek van het ICC niet alleen had nagelaten om &#8220;misdaden die verband houden met de onwettige bezetting van Palestina te bestraffen, laat staan te onderzoeken, maar dat het de daders alleen maar had aangemoedigd om door te gaan met hun criminele daden&#8221;. Het werd ingediend in naam van &#8220;de staat Palestina&#8221;. <\/p>\n\n<p class=\"has-medium-font-size\">Op basis van een verklaring van een <em>autonome entiteit,<\/em> de Palestijnse Autoriteit, die door de VN niet als soevereine staat wordt erkend, bereidde het Internationaal Strafhof dus een onderzoek voor naar een niet-ondertekenende staat, Isra\u00ebl. Op 5 februari 2021, meer dan een jaar later, zou het hof uitspraak doen over de territoriale bevoegdheid van Palestina. <\/p>\n\n<p class=\"has-medium-font-size\">Het onderzoek, dat officieel werd aangekondigd in <a href=\"https:\/\/www.icc-cpi.int\/news\/statement-icc-prosecutor-fatou-bensouda-respecting-investigation-situation-palestine\" rel=\"nofollow noopener\" target=\"_blank\">maart 2021<\/a>, had voornamelijk betrekking op vermeende misdaden die dateren van 13 juni 2014, toen noch Isra\u00ebl noch de Palestijnen onder het gezag van het Hof vielen. Daarnaast verdiepte het Hof zich in het Isra\u00eblische nederzettingenbeleid in de bezette gebieden. Het was op instigatie van <a href=\"https:\/\/digitalcommons.law.uga.edu\/cgi\/viewcontent.cgi?referer=&amp;httpsredir=1&amp;article=1367&amp;context=gjicl\" rel=\"nofollow noopener\" target=\"_blank\">Arabische staten<\/a> dat het Statuut van Rome het binnenbrengen van een burgerbevolking in bezet gebied tot oorlogsmisdaad maakte.<br\/><br\/><br\/>  <\/p>\n\n<p class=\"has-medium-font-size\">De &#8220;<a href=\"https:\/\/globaljustice.queenslaw.ca\/news\/the-international-criminal-court-and-israel-palestine-an-exploration-of-the-courts-jurisdiction-over-the-region-and-an-analysis-of-potential-war-crimes-committed-during-the-2014-gaza-war\" rel=\"nofollow noopener\" target=\"_blank\">vermeende misdaden<\/a>&#8221; van juni 2014 &#8220;gepleegd in de bezette Palestijnse gebieden&#8221; hadden betrekking op de acties van Isra\u00ebl tijdens <em>Operation Protective Edge.<\/em> Net als op 7<sup>e<\/sup> oktober 2023 begon het geweld met een terroristische aanval van Hamas, de ontvoering van en moord op drie Isra\u00eblische jongeren op 12<sup>e<\/sup> juni.  <\/p>\n\n<p class=\"has-medium-font-size\">Door toe te treden tot het Internationaal Strafhof wilden de Palestijnen duidelijk niet dat het Strafhof de ontvoeringen of terroristische daden van Hamas zou onderzoeken, maar wilden ze het Strafhof gebruiken als een strategisch wapen tegen Isra\u00ebl.<\/p>\n\n<p class=\"has-medium-font-size\"><strong>De territoriale bevoegdheid<\/strong><\/p>\n\n<p class=\"has-medium-font-size\">Chief Prosecutor Bensouda was <a href=\"https:\/\/www.icc-cpi.int\/sites\/default\/files\/CourtRecords\/CR2020_00161.PDF\" rel=\"nofollow noopener\" target=\"_blank\">convinced that<\/a> &#8220;the Court\u2019s territorial jurisdiction extends to the Palestinian territory occupied since 1967, including East Jerusalem and that \u201dwar crimes have been or are being committed there.\u201d However, she sought confirmation due to conflicting views on Palestine&#8217;s statehood, its lack of full control over the occupied territories, disputed borders, and the Palestinian Authority&#8217;s absence in Gaza\u2019s governance.<\/p>\n\n<p class=\"has-medium-font-size\">Op basis van de toekenning van de status van <em>niet-lidstaat<\/em> aan Palestina door de Algemene Vergadering van de VN en haar toetreding tot het Statuut van Rome, <a href=\"https:\/\/www.icc-cpi.int\/news\/icc-pre-trial-chamber-i-issues-its-decision-prosecutors-request-related-territorial\" rel=\"nofollow noopener\" target=\"_blank\">oordeelde <\/a>een meerderheid van twee van de drie rechters dat &#8220;de territoriale rechtsbevoegdheid van het Hof in <em>de situatie in Palestina<\/em> zich uitstrekt tot de gebieden die sinds 1967 door Isra\u00ebl bezet zijn, namelijk Gaza en de Westelijke Jordaanoever, inclusief Oost-Jeruzalem&#8221;.<\/p>\n\n<p class=\"has-medium-font-size\">De voorzittende rechter, de Hongaar P\u00e9ter Kov\u00e1cs, merkte op dat resoluties van de Algemene Vergadering van de VN niet-bindend zijn en bracht wat het Hof een &#8220;<a href=\"https:\/\/www.icc-cpi.int\/court-record\/icc-01\/18-143-anx1\" rel=\"nofollow noopener\" target=\"_blank\">gedeeltelijk afwijkende mening<\/a>&#8221; noemde uit.<\/p>\n\n<p class=\"has-medium-font-size\">In de huidige uitspraak kan ik de feitelijke regels van het internationaal recht en de feitelijke juridische benadering van de VN met betrekking tot de Palestijnse staat en zijn grondgebied en grenzen waarop het meerderheidsbesluit is gebaseerd, niet identificeren. De kwalificatie &#8220;staat die partij is&#8221; kan dit feit niet veranderen. Acrobatiek met bepalingen van het Statuut kan de juridische realiteit niet maskeren.<br\/><br\/><br\/>  <\/p>\n\n<p class=\"has-medium-font-size\"><strong>Isra\u00ebl en Palestina en het ICC na 7<sup>e<\/sup> oktober<\/strong><\/p>\n\n<p class=\"has-medium-font-size\">Op 7 oktober 2023 vielen ongeveer 3.000 terroristen van Hamas het zuiden van Isra\u00ebl binnen vanuit de Gazastrook, waaruit Isra\u00ebl zich in 2005 had teruggetrokken, en richtten een bloedbad aan onder de omliggende gemeenschappen en een muziekfestival. Tijdens de aanval werden 1.200 Isra\u00ebli&#8217;s gedood, duizenden gewond en 251 gijzelaars ontvoerd. De aanvallers filmden hun gruwelijke daden, waaronder verkrachting, onthoofding, versnijding en de moord op kinderen voor de ogen van hun ouders, met lichaamscamera&#8217;s.<br\/><br\/><br\/>  <\/p>\n\n<p class=\"has-medium-font-size\">Isra\u00ebl lanceerde een tegenaanval om raketbeschietingen op zijn grondgebied te stoppen, de terugkeer van de gijzelaars veilig te stellen en toekomstige bedreigingen van Hamas af te schrikken.<\/p>\n\n<p class=\"has-medium-font-size\">Begin december 2023 <a href=\"https:\/\/www.icc-cpi.int\/news\/icc-prosecutor-karim-khan-kc-concludes-first-visit-israel-and-state-palestine-icc-prosecutor\" rel=\"nofollow noopener\" target=\"_blank\">bezocht <\/a>Karim Khan Isra\u00ebl en de Palestijnse Autoriteit in een missie die hij &#8220;niet van onderzoekskarakter&#8221; noemde. Hij ontmoette de families van de Isra\u00eblische slachtoffers van het bloedbad van 7<sup>e<\/sup> oktober en riep op tot de &#8220;onmiddellijke&#8221; vrijlating van de gijzelaars door Hamas. <\/p>\n\n<p class=\"has-medium-font-size\">Daarna ontmoette hij president Mahmoud Abbas en andere Palestijnse functionarissen in Ramallah, waarbij hij het belang benadrukte van zijn eerste offici\u00eble bezoek aan &#8220;de staat Palestina&#8221;. Na een ontmoeting met de families van Palestijnse slachtoffers zei hij dat &#8220;we nooit afgestompt mogen raken door zulk lijden&#8221;. <\/p>\n\n<p class=\"has-medium-font-size\">Het was een poging om onpartijdigheid te tonen minder dan twee maanden na 7<sup>e<\/sup> oktober en iets meer dan een maand nadat Isra\u00ebl zijn grootschalige tegenaanval op de Gazastrook lanceerde. De hoofdaanklager blunderde echter door te verwijzen naar de beoordeling van het Rode Kruis van &#8220;de schrijnende humanitaire situatie in Gaza&#8221;, zonder te vermelden dat Hamas weigert hen toegang te verlenen tot de Isra\u00eblische gijzelaars, een schending van de Conventie van Gen\u00e8ve. <\/p>\n\n<p class=\"has-medium-font-size\">Karim Khan sloot het communiqu\u00e9 af met de hoop dat &#8220;dit bezoek mijn eerste, maar niet mijn laatste is aan zowel Isra\u00ebl als Palestina&#8221;. In tegenstelling tot zijn vele reizen naar Venezuela, keerde hij niet terug voordat hij op 20 mei 2024 aankondigde dat hij een arrestatiebevel aanvroeg voor de Isra\u00eblische premier Benjamin Netanyahu, de minister van Defensie Yoav Gallant en drie Hamasleiders na een zeven maanden durend onderzoek.<br\/><br\/> <\/p>\n\n<p class=\"has-medium-font-size\">De aankondiging kwam op dezelfde dag dat medewerkers van het ICC in Isra\u00ebl zouden arriveren en zouden beginnen aan een reeks ontmoetingen met overheidsfunctionarissen en militaire functionarissen ter voorbereiding op het eerste onderzoeksbezoek van de hoofdaanklager aan Isra\u00ebl. Volgens de <a href=\"https:\/\/www.wsj.com\/world\/middle-east\/icc-staff-was-to-hear-israels-defense-but-charges-came-first-4dc4aedc\" rel=\"nofollow noopener\" target=\"_blank\">Wall Street Journal<\/a> was Isra\u00ebl bereid om te bewijzen dat zijn gedrag tijdens de oorlog in Gaza in overeenstemming was met het internationaal recht.<br\/><br\/> <\/p>\n\n<p class=\"has-medium-font-size\">Op vragen over de geplande bijeenkomsten in Isra\u00ebl antwoordde het kantoor van de hoofdaanklager dat het Isra\u00ebl de afgelopen drie jaar ruimschoots de gelegenheid had gegeven &#8220;om een dialoog aan te gaan en informatie te verstrekken die relevant is voor het onderzoek naar het gedrag in de Palestijnse gebieden, dat ruim voor de Hamas-aanvallen van 7<sup>e<\/sup> oktober en de militaire reactie van Isra\u00ebl begon&#8221;.<\/p>\n\n<p class=\"has-medium-font-size\"><strong>Het Venezuela-onderzoek: een ander tijdsbestek<\/strong><\/p>\n\n<p class=\"has-medium-font-size\">Hoewel Karim Khan nooit een offici\u00eble onderzoeksreis naar Isra\u00ebl heeft gemaakt, bezocht hij Venezuela vier keer, waarbij hij president Nicol\u00e1s Maduro en andere leden van de regering ontmoette en zelfs de Nationale Assemblee toesprak. De bezoeken bestreken een periode van 5 november 2021 tot 22 april 2024, bijna twee\u00ebnhalf jaar. <\/p>\n\n<p class=\"has-medium-font-size\">Tijdens zijn bezoeken ondertekenden de hoofdaanklager en de Venezolaanse autoriteiten een memorandum van overeenstemming, dat een gezamenlijk werkplan omvatte met daarin &#8220;steun voor wetswijzigingen, opleiding van nationale autoriteiten en de ontwikkeling van mechanismen voor versterkte positieve complementariteit&#8221;. Tot slot knipte Khan het lint door, waarmee op 22 april 2024 een nieuw kantoor van het ICC kantoor van de aanklager in Caracas werd geopend. <\/p>\n\n<p class=\"has-medium-font-size\">Voor een ervaren mensenrechtenadvocaat lijkt Karim Khan ongelooflijk na\u00efef, hij spaart geen moeite om een autoritair regime te hervormen dat heeft geleid tot een economische ineenstorting en een massale migratie die zijn weerga in de geschiedenis van Latijns-Amerika niet kent. <\/p>\n\n<p class=\"has-medium-font-size\">De hoofdaanklager beweerde dat Isra\u00ebl de afgelopen drie jaar vele gelegenheden heeft gehad om te reageren op het lopende onderzoek. Het is al meer dan drie jaar geleden dat het ICC een officieel onderzoek startte naar Venezuela en nog steeds zijn er geen arrestatiebevelen aangevraagd. <\/p>\n\n<p class=\"has-medium-font-size\"><strong>Isra\u00ebl: de kwestie van continu\u00efteit in het onderzoek<\/strong><\/p>\n\n<p class=\"has-medium-font-size\">Op 21 november 2024 <a href=\"https:\/\/www.icc-cpi.int\/news\/situation-state-palestine-icc-pre-trial-chamber-i-rejects-state-israels-challenges\" rel=\"nofollow noopener\" target=\"_blank\">vaardigde <\/a>het ICC arrestatiebevelen uit voor de Isra\u00eblische premier Benjamin Netanyahu en de voormalige Isra\u00eblische minister van Defensie Yoav Gallant &#8220;voor misdaden tegen de menselijkheid en oorlogsmisdaden gepleegd van ten minste 8 oktober 2023 tot ten minste 20 mei 2024&#8221;.<\/p>\n\n<p class=\"has-medium-font-size\">De verklaring geeft duidelijk aan dat de arrestatiebevelen werden uitgevaardigd als reactie op de invasie van Hamas-terroristen in het zuiden van Isra\u00ebl op 7 oktober 2023 en het daaropvolgende tegenoffensief van Isra\u00ebl.<\/p>\n\n<p class=\"has-medium-font-size\">While there may be some overlap between the alleged crimes investigated prior to October 7th, the primary accusation of \u201cthe war crime of starvation as a method of warfare\u201d is new and marks the first application of this charge in history. The ICC clearly did not give Israel enough time to invoke the <em>complementary clause<\/em> that allows a state to investigate itself before the request for warrants was made by the prosecutor. <\/p>\n\n<p class=\"has-medium-font-size\">While the original referral to investigate Israel was made by the Palestinian Authority, following October 7th, the ICC received referrals from seven Member States. This indicates a <a href=\"https:\/\/www.justsecurity.org\/96296\/icc-article-18-complementarity\/\" rel=\"nofollow noopener\" target=\"_blank\">notable change<\/a> from the pre-existing investigation. <a href=\"https:\/\/www.justsecurity.org\/96296\/icc-article-18-complementarity\/\" rel=\"nofollow noopener\" target=\"_blank\">Just Security<\/a>, an online forum at New York University School of Law concluded:  <\/p>\n\n<p class=\"has-medium-font-size\">Hoewel het verzoek om arrestatiebevelen dat Karim Khan, de huidige aanklager van het ICC, op 20 mei 2024 aankondigde, voortkomt uit dezelfde Palestijnse situatie, heeft het duidelijk betrekking op heel andere gebeurtenissen dan de gebeurtenissen die de voormalige aanklager Bensouda in 2021 introduceerde, en heeft het betrekking op een ander tijdskader.<\/p>\n\n<p class=\"has-medium-font-size\">Het ICC hield hier geen rekening mee en gaf er de voorkeur aan om de arrestatiebevelen erdoor te jagen, terwijl het Isra\u00ebl het recht ontzegt om binnen een redelijke termijn te reageren.<\/p>\n\n<p class=\"has-medium-font-size\"><strong>De kwestie van morele gelijkwaardigheid<\/strong><\/p>\n\n<p class=\"has-medium-font-size\">Naast de arrestatiebevelen voor de Isra\u00eblische leiders werd er nog een uitgevaardigd voor Mohammed Diab Ibrahim al-Masri (nom de guerre, Mohammed Deif), de militaire leider van Hamas, die naar verluidt gedood werd door de IDF. Dit cre\u00ebert een morele gelijkwaardigheid tussen de Isra\u00eblische democratie en Hamas, dat door de Verenigde Staten en andere belangrijke democratische naties wordt beschouwd als een terroristische groepering. <\/p>\n\n<p class=\"has-medium-font-size\"><strong>De kwestie van zelfverdediging<\/strong><\/p>\n\n<p class=\"has-medium-font-size\">It took the ICC a year from the beginning of its investigation to issue an arrest warrant for Vladimir Putin regarding the ongoing war between Russia and Ukraine. In that case, Russia was clearly the unprovoked aggressor. <\/p>\n\n<p class=\"has-medium-font-size\">Na de ongeprovoceerde aanval van Hamas op Isra\u00ebl voerde de IDF voorzichtig operaties uit om militanten te achtervolgen onder ziekenhuizen waar ze hun operaties uitvoerden en gijzelaars vasthielden. De terroristen gebruikten burgers als menselijk schild en lanceerden raketten vanuit hun huizen. Volgens <a href=\"https:\/\/www.wsj.com\/world\/middle-east\/icc-staff-was-to-hear-israels-defense-but-charges-came-first-4dc4aedc\" rel=\"nofollow noopener\" target=\"_blank\">David Scheffer,<\/a> voormalig Amerikaans ambassadeur-at-large voor oorlogsmisdaden, kreeg Isra\u00ebl onvoldoende gelegenheid &#8220;om de manier waarop het oorlog voert in Gaza te rechtvaardigen.&#8221;<\/p>\n\n<p class=\"has-medium-font-size\">Dit is vooral relevant omdat Isra\u00ebl, een lang gevestigde democratie met een onafhankelijke rechterlijke macht en militair rechtssysteem, niet betrokken had moeten worden bij het ICC, zoals een tweepartijdige groep <a href=\"https:\/\/www.wsj.com\/world\/middle-east\/icc-staff-was-to-hear-israels-defense-but-charges-came-first-4dc4aedc\" rel=\"nofollow noopener\" target=\"_blank\">Amerikaanse senatoren<\/a> in mei opmerkte.<\/p>\n\n<p class=\"has-medium-font-size\"><strong>Toon van de onderzoeken<\/strong><\/p>\n\n<p class=\"has-medium-font-size\">Het contrast in de toon van de communicatie tussen het ICC en zijn hoofdaanklager bij de behandeling van de twee zaken lijkt het respect van de hoofdaanklager voor het autoritaire Venezuela en zijn vijandigheid tegenover het democratische Isra\u00ebl te onthullen.<\/p>\n\n<p class=\"has-medium-font-size\">De Venezolaanse autocraat, die door de VN en mensenrechtenorganisaties wordt beschuldigd van moord en gedwongen verdwijningen en door de VS wordt <a href=\"https:\/\/www.justice.gov\/opa\/pr\/nicol-s-maduro-moros-and-14-current-and-former-venezuelan-officials-charged-narco-terrorism\" rel=\"nofollow noopener\" target=\"_blank\">gezocht<\/a> voor narco terrorisme, wordt &#8220;Zijne Excellentie&#8221; genoemd. Een <a href=\"https:\/\/www.icc-cpi.int\/news\/icc-prosecutor-karim-aa-khan-kc-concludes-visit-venezuela-opens-country-office-caracas\" rel=\"nofollow noopener\" target=\"_blank\">voorbeeld<\/a>: &#8220;Een duidelijke toezegging van Zijne Excellentie President om het Bureau van de Hoge Commissaris voor de Mensenrechten van de Verenigde Naties uit te nodigen om terug te keren naar Venezuela.&#8221;<br\/><br\/><br\/><\/p>\n\n<p class=\"has-medium-font-size\">Dit kan worden beschouwd als standaard diplomatiek protocol, maar de toon van de memoranda verhult een onderliggende hartelijkheid. Karim Khan &#8220;had de eer om de Nationale Vergadering van Venezuela toe te spreken&#8221;. Wat voor eer is het om een wetgevend lichaam toe te spreken dat in 2020 <a href=\"https:\/\/www.europarl.europa.eu\/RegData\/etudes\/BRIE\/2020\/659427\/EPRS_BRI(2020)659427_EN.pdf\" rel=\"nofollow noopener\" target=\"_blank\">frauduleus is verkozen<\/a> volgens de Venezolaanse oppositie en internationale actoren zoals de Europese Unie, de Verenigde Staten, de Organisatie van Amerikaanse Staten en de Lima Groep.  <\/p>\n\n<p class=\"has-medium-font-size\">Khan <a href=\"https:\/\/www.icc-cpi.int\/news\/icc-prosecutor-karim-aa-khan-kc-concludes-visit-venezuela-opens-country-office-caracas\" rel=\"nofollow noopener\" target=\"_blank\">was <\/a>&#8220;verheugd om een nieuw kantoor van het Bureau van de Aanklager van het ICC in Caracas in te wijden, gericht op complementariteitsactiviteiten en betrokkenheid bij de nationale autoriteiten&#8221;.<\/p>\n\n<p class=\"has-medium-font-size\">Vergelijk dit met het meer diplomatieke ICC-<a href=\"https:\/\/www.icc-cpi.int\/news\/ukraine-and-international-criminal-court-sign-agreement-establishment-country-office\" rel=\"nofollow noopener\" target=\"_blank\">memorandum <\/a>over de oprichting van een kantoor in Oekra\u00efne in maart 2023 om vermeende Russische misdaden te onderzoeken: &#8220;We zijn erg dankbaar voor de samenwerking, steun en hulp die we hebben ontvangen van de regering van Oekra\u00efne en kijken uit naar het versterken van onze samenwerking in de toekomst,&#8221;.<\/p>\n\n<p class=\"has-medium-font-size\"><strong>Gedeelde verantwoordelijkheid versus subtiele vijandigheid<\/strong><\/p>\n\n<p class=\"has-medium-font-size\">Wat Venezuela betreft, <a href=\"https:\/\/www.humanrightscentre.org\/blog\/moving-forward-icc-upholds-investigation-venezuela\" rel=\"nofollow noopener\" target=\"_blank\">benadrukt <\/a>Karim Khan de gedeelde verantwoordelijkheid voor het onderzoek naar misdaden tegen de menselijkheid: &#8220;Ik ben duidelijk geweest dat de zinvolle realisatie van de visie die in het Statuut is vastgelegd alleen kan worden bereikt door de samenwerking te verdiepen en door waar mogelijk een gemeenschappelijke basis te vinden, zelfs in complexe en uitdagende omstandigheden.&#8221;<\/p>\n\n<p class=\"has-medium-font-size\">Een dergelijke samenwerking bestond niet in de omgang met Isra\u00ebl.<\/p>\n\n<p class=\"has-medium-font-size\">Following his meeting with Venezuela\u2019s chief prosecutor, Khan <a href=\"https:\/\/apnews.com\/article\/venezuela-maduro-international-criminal-court-crackdown-343a1c90098910ae780b2637e7f222f0\" rel=\"nofollow noopener\" target=\"_blank\">said<\/a>, \u201cI think there is unity on a central truth: that the dark cloud of suspicion or allegations will not lift without the gentle breeze or winds of credible investigations.\u201d<\/p>\n\n<p class=\"has-medium-font-size\">Waarom is het ICC zo mild voor Venezuela en zo hard voor Isra\u00ebl?<\/p>\n\n<p class=\"has-medium-font-size\"><strong>Een grotere rol voor het ICC?<\/strong><\/p>\n\n<p class=\"has-medium-font-size\">Perhaps for Karim Khan, armed conflicts with international implications are more alluring than dealing with an unflamboyantauthoritarian such as Nicolas Maduro. Russia\/ Ukraine and \u201cthe Situation in Palestine\u201d give the chief prosecutor a more global stage and allow him to go beyond the ICC\u2019s goal of \u201cbuilding a more just world\u201d to encompass the very mission of the <a href=\"https:\/\/www.icc-cpi.int\/news\/statement-icc-prosecutor-karim-aa-khan-qc-opening-trial-case-prosecutor-v-ali-muhammad-ali-abd\" rel=\"nofollow noopener\" target=\"_blank\">United Nations<\/a>, \u201cthe maintenance of international peace and security.\u201d <\/p>\n\n<p class=\"has-medium-font-size\"><strong>Anti-Isra\u00ebl vooringenomenheid?<\/strong><\/p>\n\n<p class=\"has-medium-font-size\">Het Internationaal Strafhof is ervan beschuldigd een pro-westerse inslag te hebben omdat het voornamelijk autoritaire niet-westerse leiders heeft vervolgd, vooral in Afrika. Sommigen <a href=\"https:\/\/www.theatlantic.com\/international\/archive\/2024\/11\/israel-arrest-warrants-netanyahu-gallant-icc\/680808\/\" rel=\"nofollow noopener\" target=\"_blank\">zien <\/a>het arrestatiebevel voor de democratische leiders van Isra\u00ebl als een poging om dat te doorbreken. Maar als je de vooringenomenheid bekijkt, moet je wel opmerken dat de twee hoofdaanklagers die zich bezighielden met &#8220;de situatie in Palestina&#8221; moslimgelovig zijn of misschien de anti-Isra\u00ebl vooroordelen koesteren die gemeengoed zijn geworden onder de ontwikkelingslanden bij de VN.  <\/p>\n\n<p class=\"has-medium-font-size\">Bij het afsluiten van het vooronderzoek <a href=\"https:\/\/www.icc-cpi.int\/news\/statement-icc-prosecutor-fatou-bensouda-conclusion-preliminary-examination-situation-palestine\" rel=\"nofollow noopener\" target=\"_blank\">verklaarde <\/a>hoofdaanklager Fatou Bensouda: &#8220;Ik ben ervan overtuigd dat er oorlogsmisdaden zijn of worden gepleegd op de Westelijke Jordaanoever, inclusief Oost-Jeruzalem, en in de Gazastrook.&#8221; Gezien het feit dat het doel van een onderzoek is om de autoriteit van het ICC vast te stellen voor een onderzoek, duidt het impliceren dat misdaden definitief plaatsvinden op vooringenomenheid, vooral omdat het meer dan een jaar duurde voordat het Hof zelfs een uitspraak deed over zijn territoriale bevoegdheid. <\/p>\n\n<p class=\"has-medium-font-size\">****<\/p>\n\n<p class=\"has-medium-font-size\">Karim Khan&#8217;s mentor was de internationale jurist Muhammad Zafarullah Khan, die de eerste minister van Buitenlandse Zaken van Pakistan was. Als een van de grondleggers van de pas opgerichte moslimnatie pleitte hij in 1947 <a href=\"https:\/\/www.reviewofreligions.org\/31211\/the-palestinian-question-united-nations\/\" rel=\"nofollow noopener\" target=\"_blank\">bij de VN<\/a> fel tegen de oprichting van een Joodse staat in Palestina. Net als zijn beschermeling, die hem zijn &#8220;<a href=\"https:\/\/www.palestinechronicle.com\/the-lawyer-who-keeps-failing-palestine-who-is-icc-prosecutor-karim-khan\/\" rel=\"nofollow noopener\" target=\"_blank\">geadopteerde grootvader<\/a>&#8221; noemt, was Mohammed een prominent lid van de Ahmadiyya Moslimbeweging.  <\/p>\n\n<p class=\"has-medium-font-size\">Khan&#8217;s gebrek aan sympathie voor de Joodse staat blijkt duidelijk uit zowel zijn daden als zijn woorden. Tijdens zijn hoorzitting over seksueel wangedrag zei de hoofdaanklager: &#8220;Als we naar de wereld kijken, zien we een pandemie van onmenselijkheid. Kijk naar Oekra\u00efne, kijk naar Palestina, kijk naar Darfur.&#8221; Net als zijn mentor sluit hij Isra\u00ebl uit.  <\/p>\n\n<p class=\"has-medium-font-size\"><strong>Corruptie bij het Internationaal Strafhof?<\/strong><\/p>\n\n<p class=\"has-medium-font-size\">In mei werd Khan beschuldigd van seksuele intimidatie van een vrouwelijke medewerker van het ICC. <a href=\"https:\/\/www.cbsnews.com\/news\/karim-khan-icc-war-crimes-charges-israel-netanyahu-hamas-sexual-misconduct-claims\/\" rel=\"nofollow noopener\" target=\"_blank\">CBS News<\/a> meldde dat senator Lindsey Graham wil weten of de beschuldigingen van wangedrag een rol hebben gespeeld in Khan&#8217;s beslissing diezelfde maand om het geplande bezoek van een assistent aan Isra\u00ebl te annuleren en door te gaan met de aanklachten tegen Netanyahu en Gallant wegens oorlogsmisdaden.<\/p>\n\n<p class=\"has-medium-font-size\">In september 2024 meldde de Washington Post dat de schoonzus van hoofdaanklager Karim Khan, internationaal strafrechtadvocaat Venkateswari Alagendra, president Nicol\u00e1s Maduro en minister van Binnenlandse Zaken Diosdado Cabello Rond\u00f3n begon te <a href=\"https:\/\/www.washingtonpost.com\/world\/2024\/09\/06\/maduro-survives-election-opposition-options\/\" rel=\"nofollow noopener\" target=\"_blank\">vertegenwoordigen <\/a>voor het ICC. Dit is een duidelijke schending van de gedragscode van de organisatie die vereist dat haar leden zich onthouden van conflicten die kunnen voortvloeien uit &#8220;persoonlijke belangen in de zaak, met inbegrip van een echtelijke, ouderlijke of andere nauwe familie-, persoonlijke of professionele relatie met een van de partijen&#8221;. Op een <a href=\"https:\/\/www.icc-cpi.int\/sites\/default\/files\/RelatedRecords\/0902ebd1809fb0e3.pdf\" rel=\"nofollow noopener\" target=\"_blank\">verzoek <\/a>in september aan de hoofdaanklager om zich terug te trekken uit de zaak tegen Venezuela is nog geen actie ondernomen.<br\/><br\/><br\/>  <\/p>\n\n<p class=\"has-medium-font-size\">Het lijkt erop dat het Internationaal Strafhof, dat streeft naar &#8220;een wereld zonder straffeloosheid&#8221;, eerst eens goed in zichzelf moet kijken en schoon schip moet maken voordat het verder gaat met zijn doel om &#8220;een rechtvaardiger wereld op te bouwen&#8221;.<\/p>\n","protected":false},"excerpt":{"rendered":"<p>Door Eli Kenin, onafhankelijk schrijver, onderzoeker en vertaler in Jeruzalem Het Hof voert juridische acrobatiek uit om Isra\u00eblische leiders aan te klagen terwijl het zijn plicht verzaakt om de dictator van Venezuela voor het gerecht te brengen The International Criminal Court\u2019s logo displays a scale nestled between two olive branches symbolizing the balance between justice [&hellip;]<\/p>\n","protected":false},"author":5,"featured_media":28796,"comment_status":"closed","ping_status":"closed","sticky":false,"template":"","format":"standard","meta":{"footnotes":""},"categories":[167],"tags":[],"topic":[],"class_list":["post-30315","post","type-post","status-publish","format-standard","has-post-thumbnail","hentry","category-uitleg"],"_links":{"self":[{"href":"http:\/\/thinc-israel.org\/nl\/wp-json\/wp\/v2\/posts\/30315","targetHints":{"allow":["GET"]}}],"collection":[{"href":"http:\/\/thinc-israel.org\/nl\/wp-json\/wp\/v2\/posts"}],"about":[{"href":"http:\/\/thinc-israel.org\/nl\/wp-json\/wp\/v2\/types\/post"}],"author":[{"embeddable":true,"href":"http:\/\/thinc-israel.org\/nl\/wp-json\/wp\/v2\/users\/5"}],"replies":[{"embeddable":true,"href":"http:\/\/thinc-israel.org\/nl\/wp-json\/wp\/v2\/comments?post=30315"}],"version-history":[{"count":1,"href":"http:\/\/thinc-israel.org\/nl\/wp-json\/wp\/v2\/posts\/30315\/revisions"}],"predecessor-version":[{"id":30316,"href":"http:\/\/thinc-israel.org\/nl\/wp-json\/wp\/v2\/posts\/30315\/revisions\/30316"}],"wp:featuredmedia":[{"embeddable":true,"href":"http:\/\/thinc-israel.org\/nl\/wp-json\/wp\/v2\/media\/28796"}],"wp:attachment":[{"href":"http:\/\/thinc-israel.org\/nl\/wp-json\/wp\/v2\/media?parent=30315"}],"wp:term":[{"taxonomy":"category","embeddable":true,"href":"http:\/\/thinc-israel.org\/nl\/wp-json\/wp\/v2\/categories?post=30315"},{"taxonomy":"post_tag","embeddable":true,"href":"http:\/\/thinc-israel.org\/nl\/wp-json\/wp\/v2\/tags?post=30315"},{"taxonomy":"topic","embeddable":true,"href":"http:\/\/thinc-israel.org\/nl\/wp-json\/wp\/v2\/topic?post=30315"}],"curies":[{"name":"wp","href":"https:\/\/api.w.org\/{rel}","templated":true}]}}