{"id":30084,"date":"2025-01-28T14:56:36","date_gmt":"2025-01-28T12:56:36","guid":{"rendered":"https:\/\/www.thinc-israel.org\/uitleg\/francesca-albanese-een-bevooroordeelde-speciale-rapporteur-is-uitgenodigd-om-te-spreken-in-de-nederlandse-tweede-kamer\/"},"modified":"2025-01-31T11:23:10","modified_gmt":"2025-01-31T09:23:10","slug":"francesca-albanese-een-bevooroordeelde-speciale-rapporteur-is-uitgenodigd-om-te-spreken-in-de-nederlandse-tweede-kamer","status":"publish","type":"post","link":"http:\/\/thinc-israel.org\/nl\/uitleg\/francesca-albanese-een-bevooroordeelde-speciale-rapporteur-is-uitgenodigd-om-te-spreken-in-de-nederlandse-tweede-kamer\/","title":{"rendered":"Francesca Albanese &#8211; een bevooroordeelde Speciale Rapporteur &#8211; is uitgenodigd om te spreken in de Nederlandse Tweede Kamer"},"content":{"rendered":"\n<p>Bij Paulina Guerrero, <em>thinc<\/em>.<\/p>\n\n<p>Foto: De vergaderingen van de Mensenrechtenraad van de Verenigde Naties vinden plaats in de Human Rights and Alliance of Civilizations Room van het Paleis van de Naties, Gen\u00e8ve.<\/p>\n\n<p class=\"has-medium-font-size\">Francesca Albanese, de speciale VN-rapporteur voor de &#8220;Bezette Palestijnse Gebieden&#8221;, is uitgenodigd om te spreken in de Commissie Buitenlandse Zaken van de Tweede Kamer. Dit artikel legt het gebrek aan onpartijdigheid en antisemitische standpunten van Francesca Albanese uit. Het stelt dat Albanese een schande is voor de mensenrechten en de VN en geen platform zou moeten krijgen in nationale parlementen.  <\/p>\n\n<p class=\"has-medium-font-size\">Hieronder vindt u de belangrijkste argumenten tegen de geloofwaardigheid van Francesca Albanese als Speciale Rapporteur van de VN en het bewijs van haar gebrek aan onpartijdigheid en antisemitische standpunten.<\/p>\n\n<h4 class=\"wp-block-heading has-medium-font-size\"><strong>Francesca Albanese<\/strong><\/h4>\n\n<p class=\"has-medium-font-size\">Ondanks de betwistbare eenzijdige en inquisitoire aard van het mandaat van de Speciale Rapporteur voor de &#8220;Bezette Palestijnse Gebieden&#8221;, vereist het mandaat nog steeds onpartijdigheid van de kandidaat voor de positie.<\/p>\n\n<p class=\"has-medium-font-size\">Francesca Albanese was vanaf het begin geen onpartijdige kandidaat en had nooit benoemd mogen worden vanwege haar levenslange radicale en antisemitische standpunten.<\/p>\n\n<p class=\"has-medium-font-size\">Francesca Albanese is na Hamas misschien wel Isra\u00ebls meest haatdragende en antisemitische vijand geweest, zo erg zelfs dat zelfs de regeringen van Frankrijk en Duitsland haar antisemitisme hebben veroordeeld. Als een Speciale Rapporteur die verondersteld wordt belast te zijn met de taak om te rapporteren over mensenrechtenschendingen volgens een reeds discriminerend mandaat tegen &#8217;s werelds enige Joodse staat, was een bekende antisemiet, die al een anti-Isra\u00ebl activist en voormalig UNWRA ambtenaar was, misschien niet de beste persoon voor deze rol.  <\/p>\n\n<p class=\"has-medium-font-size\">Ze klaagde in een open brief dat Amerika &#8220;onderworpen is door de Joodse lobby&#8221;, vergelijkt Isra\u00ebli&#8217;s regelmatig met nazi&#8217;s en vergelijkt de Palestijnse situatie met de holocaust.<\/p>\n\n<h4 class=\"wp-block-heading has-medium-font-size\"><strong>&#8220;Speciale rapporteur voor de mensenrechtensituatie in de sinds 1967 bezette Palestijnse gebieden.&#8221;<\/strong><\/h4>\n\n<p class=\"has-medium-font-size\">Hoewel de titel impliceert dat hij zich bezighoudt met alle actoren in het gebied, is het mandaat van de rapporteur &#8211; die sinds februari 1993 niet meer is gewijzigd &#8211; in feite uitsluitend om &#8220;schendingen door Isra\u00ebl van de principes en grondslagen van het internationaal recht&#8221; te onderzoeken. Wat Hamas, de Islamitische Jihad en de Palestijnse Autoriteit ook doen, tegen hun eigen mensen of Isra\u00ebli&#8217;s, is uitgesloten. <\/p>\n\n<p class=\"has-medium-font-size\">Op haar sollicitatieformulier werd Albanese gevraagd of ze &#8220;opvattingen of meningen heeft die van invloed zouden kunnen zijn op de wijze waarop de kandidaat het mandaat vervult&#8221;. Ze antwoordde &#8220;Nee&#8221;. Toch had Albanese een jaar eerder het tegenovergestelde erkend door te zeggen dat haar &#8220;diepgewortelde persoonlijke opvattingen&#8221; over de Palestijnse kwestie &#8220;mijn objectiviteit in gevaar zouden kunnen brengen&#8221;. Voorafgaand aan haar benoeming in 2022 had Albanese inderdaad gezegd dat Isra\u00ebl &#8220;miljoenen burgers gevangen houdt&#8221;, organiseerde ze een panel over &#8220;Isra\u00ebl Apartheid&#8221; en voerde ze campagne voor een wapenembargo tegen Isra\u00ebl.<br\/>   <\/p>\n\n<p class=\"has-medium-font-size\">Op haar aanvraag verklaarde Albanese ook dat er geen persoonlijke belangenverstrengeling was, maar ze verzuimde te melden dat haar man, die Palestijnen vergelijkt met Joden uit het getto van Warschau die zich verzetten tegen de nazi&#8217;s, vroeger werkte voor de Palestijnse Autoriteit, waar hij een rapport schreef over het &#8220;uitbuitende&#8221; beleid van Isra\u00ebl.<\/p>\n\n<h4 class=\"wp-block-heading has-medium-font-size\"><strong>Islamitisch terrorisme, Hamas en antisemitisme<\/strong><\/h4>\n\n<p class=\"has-medium-font-size\">Sinds haar benoeming in 2022 heeft ze haar positie gebruikt om antisemitische haat te verspreiden en om de belangrijkste supporter van Hamas te zijn bij de VN.<\/p>\n\n<p class=\"has-medium-font-size\">In november 2022 zei Albanese tegen een Hamas-conferentie: &#8220;Jullie hebben het recht om je te verzetten.&#8221; Ze rechtvaardigde ook de aanvallen van 7<sup>e<\/sup> oktober en heeft sindsdien de aanhoudende wreedheden van Hamas geminimaliseerd.  <\/p>\n\n<p class=\"has-medium-font-size\">Ze werd de eerste VN-mensenrechtenrapporteur in de geschiedenis die door de Verenigde Staten, Frankrijk en Duitsland werd veroordeeld voor antisemitisme.<\/p>\n\n<p class=\"has-medium-font-size\">In juli 2024, nadat mevrouw Albanese de vergelijking van de premier van Isra\u00ebl met Adolf Hitler goedkeurde, verklaarde de Permanente Vertegenwoordiger van de VS bij de Verenigde Naties voor de allereerste keer een VN-functionaris &#8211; Francesca Albanese &#8211; ongeschikt voor het ambt.<\/p>\n\n<p class=\"has-medium-font-size\">In plaats van mensenrechten en een eerlijke evaluatie te promoten, heeft ze haar platform alleen gebruikt om ontmenselijkende antisemitische retoriek tegen de staat Isra\u00ebl te verspreiden en om openlijk islamitisch terrorisme te steunen.<\/p>\n\n<p class=\"has-medium-font-size\">Albanese plaatste een open bericht aan de BBC, waarin zij het wereldwijde media-agentschap verweet dat \u201cde Isra\u00eblische lobby\u201d \u201cduidelijk in uw aderen zit\u201d en sprak van een Orwelliaanse nachtmerrie, die \u201ceens te meer wordt veroorzaakt door de hebzucht van Isra\u00ebl\u201d. (25 juli 2014)<\/p>\n\n<p class=\"has-medium-font-size\">Albanese ontkent systematisch daden van antisemitisme. Ze vertelde aan een bijeenkomst van de Harvard Universiteit dat wanneer Hamas verwijst naar het doden van Joden (&#8220;Yahudis&#8221;), ze eigenlijk niet Joden bedoelen. <\/p>\n\n<p class=\"has-medium-font-size\">Ze heeft Gaza een concentratiekamp genoemd en maskeert haar antisemitisme met &#8220;anti-Isra\u00ebl\/antizionisme&#8221; door het verhaal om te draaien en de situatie in Palestina als de nieuwe holocaust te zien, terwijl ze tegelijkertijd in oude antisemitische tropen vervalt over Joden die de wereld beheersen en Joden die verantwoordelijk zijn voor hun eigen lijden. <\/p>\n\n<p class=\"has-medium-font-size\">Het vergelijken van het huidige Isra\u00eblische beleid met dat van de nazi&#8217;s is een schoolvoorbeeld van antisemitisme volgens de IHRA-definitie.<\/p>\n\n<p class=\"has-medium-font-size\">Albanese impliceerde dat de Palestijnen geen andere keuze hadden dan Isra\u00ebl binnen te vallen en aan te vallen als reactie op zijn &#8220;illegale&#8221; bezetting en andere schendingen -Albanese&#8217;s onmiddellijke reactie op 7 oktober 2023 was om de gruwelijke Hamas-aanval goed te praten, door te verklaren: &#8220;Het geweld van vandaag moet in zijn context worden geplaatst.&#8221; Instinctief, op de dag van de ergste slachting en sadistische marteling van Joden sinds de Holocaust, gaf Albanese Isra\u00ebl de schuld van &#8220;agressie&#8221;. Maar Isra\u00ebl trok zich in 2005 eenzijdig terug uit Gaza en in het handvest van Hamas staat duidelijk de genocidale intentie om de staat Isra\u00ebl weg te vagen en vervolgens alle Joden wereldwijd te doden.  <\/p>\n\n<p class=\"has-medium-font-size\">Verbazingwekkend genoeg nam Albanese daadwerkelijk deel aan een offici\u00eble Hamas-conferentie. De bijeenkomst werd georganiseerd door Hamas&#8217; Raad voor Internationale Betrekkingen om &#8220;de impact van de Isra\u00eblische blokkade&#8221; te bespreken. Via een videoboodschap vertelde Albanese de verzamelde terroristen: &#8220;Jullie hebben het recht om je te verzetten tegen deze bezetting&#8221;. Ze voegde eraan toe: &#8220;Isra\u00ebl zegt &#8216;verzet staat gelijk aan terrorisme&#8217;, maar een bezetting vereist geweld en genereert geweld.&#8221; Albanese nam deel aan de Hamasconferentie samen met Ghazi Hamad, voormalig onderminister van Buitenlandse Zaken van Hamas; Abd al-Latif al-Qanu, woordvoerder van Hamas; Ahmad al-Mudallal, leider van de Palestijnse Islamitische Jihad (PIJ); Khadr Habib, leider van de PIJ in Gaza; evenals Basem Naim en Isam al-Da&#8217;alis van Hamas. (November 2022).     <\/p>\n\n<h4 class=\"wp-block-heading has-medium-font-size\"><strong>UNHRC<\/strong><\/h4>\n\n<p class=\"has-medium-font-size\">Wat het ergste is, is dat iemand die door de UNHRC is aangesteld om mensenrechtenschendingen in een bepaald gebied te onderzoeken en erover te rapporteren, geen haatdragende retoriek tegen een land zou mogen gebruiken, vooral niet tegen het land dat hij moet onderzoeken, laat staan dat hij zou aandringen op de eliminatie ervan, en dat hij deel zou moeten nemen aan lobbyactiviteiten buiten zijn offici\u00eble functies om.<\/p>\n\n<p class=\"has-medium-font-size\">Voordat Isra\u00ebl zijn grondinvasie begon, leidde Albanese een offici\u00eble VN-verklaring van zeven experts die verontwaardigd waarschuwden voor &#8220;genocide&#8221; in Gaza. (19 oktober 2023). Albanese had Isra\u00ebl al voor 7 oktober beschuldigd van genocide toen ze een bewering onderschreef dat Isra\u00ebl genocide pleegde tegen Palestijnen. (1 maart 2023). Sterker nog, ze heeft Isra\u00ebl op zijn minst sinds juli 2014 valselijk beschuldigd van &#8220;genocide&#8221;.    <\/p>\n\n<h4 class=\"wp-block-heading has-medium-font-size\"><strong>Geschiedenis vervormen<\/strong><\/h4>\n\n<p class=\"has-medium-font-size\">Francesca Albanese stelt de Palestijnse &#8220;nakba&#8221; gelijk aan de holocaust, waarbij ze terloops niet vermeldt dat 5 Arabische naties Isra\u00ebl onmiddellijk aanvielen, slechts een dag nadat het zijn onafhankelijkheid had uitgeroepen in een poging om &#8220;alle joden naar de zee te drijven&#8221;.<\/p>\n\n<p class=\"has-medium-font-size\">Albanese baseert haar antisemitisme en steun voor terrorisme niet alleen op een verdraaid verhaal dat de situatie in Palestina (en de &#8220;nakba&#8221;) gelijkstelt aan de holocaust, maar ook op de ontkenning van Isra\u00ebls recht op zelfverdediging en \u00fcberhaupt bestaansrecht.<\/p>\n\n<p class=\"has-medium-font-size\">Albanese roept op om een einde te maken aan &#8220;Isra\u00ebls Apartheidsregime&#8221;, waarmee ze bedoelt dat er een einde moet komen aan de Joodse staat Isra\u00ebl, die ze tot een apartheidsstaat verklaart. (19 juli 2024). <\/p>\n\n<h4 class=\"wp-block-heading has-medium-font-size\"><strong>Isra\u00ebl delegitimeren<\/strong><\/h4>\n\n<p class=\"has-medium-font-size\">Ze tweet over Isra\u00ebls &#8220;gewelddadige 55 jaar oude bezetting&#8221; en onderschrijft vervolgens de (later verwijderde) correctie van haar volger dat het &#8220;74 jaar is, geen 55&#8221;. De afzender reageert op de correctie en tweet &#8220;dat is een ander verhaal. Nog pijnlijker. Still longing for justice&#8221;, waarmee ze bedoelt dat ze verlangt naar gerechtigheid met betrekking tot de oprichting van Isra\u00ebl in 1948. Dan vindt Albanese een antwoord leuk waarin hij beweert dat de bezetting van Isra\u00ebl meer dan 100 jaar teruggaat tot de Balfour Verklaring in 1917. (8 augustus 2022)   <\/p>\n\n<p class=\"has-medium-font-size\">In een interview voor de Palestine Chronicle viel Albanese het bestaan van Isra\u00ebl aan door te zeggen dat de Joodse staat &#8220;al lange tijd de basisprincipes van het internationaal recht schendt, wat 70 jaar geleden begon met de gedwongen ontvolking van tweederde van de inheemse Arabische bevolking in wat later de staat Isra\u00ebl werd in het Britse Mandaat Palestina&#8221;. (28 oktober 2021).<\/p>\n\n<p class=\"has-medium-font-size\">Ze verwijst naar Isra\u00eblisch grondgebied als het Palestijnse &#8220;thuisland.&#8221; (14 mei 2021). Dit alles met de &#8220;Palestijnse identiteit&#8221; als Arabisch gecre\u00eberd tot het einde van de jaren 1960, waarbij de Joodse 3.000 jaar oude geschiedenis volledig werd uitgewist en de Joodse oorsprong in het land van Judea en Isra\u00ebl werd genegeerd.  <\/p>\n\n<h4 class=\"wp-block-heading has-medium-font-size\"><strong>Samenvatting<\/strong><\/h4>\n\n<p class=\"has-medium-font-size\">Om al deze redenen is ze een gevaarlijk persoon om bij de VN te hebben en om nog meer een platform te krijgen door haar uit te nodigen in het parlement.<\/p>\n\n<p class=\"has-medium-font-size\">Francesca Albanese is een schande voor de mensenrechten en de VN, en het ergste van alles, een rabiate vijand van Isra\u00ebl en het Joodse volk.<\/p>\n\n<p class=\"has-medium-font-size\"><strong>Referenties<\/strong><\/p>\n\n<div data-wp-interactive=\"core\/file\" class=\"wp-block-file\"><object data-wp-bind--hidden=\"!state.hasPdfPreview\" hidden class=\"wp-block-file__embed\" data=\"http:\/\/thinc-israel.org\/wp-content\/uploads\/2025\/01\/Wolf-in-Sheeps-Clothing-Report-on-Francesca-Albanese.pdf\" type=\"application\/pdf\" style=\"width:100%;height:600px\" aria-label=\"Insluiting van Wolf-in-Sheeps-Clothing-Report-on-Francesca-Albanese.\"><\/object><a id=\"wp-block-file--media-6cb12add-1790-496b-bd47-ffc0d524d46e\" href=\"http:\/\/thinc-israel.org\/wp-content\/uploads\/2025\/01\/Wolf-in-Sheeps-Clothing-Report-on-Francesca-Albanese.pdf\">Wolf-in-Sheeps-Clothing-Report-on-Francesca-Albanese<\/a><a href=\"http:\/\/thinc-israel.org\/wp-content\/uploads\/2025\/01\/Wolf-in-Sheeps-Clothing-Report-on-Francesca-Albanese.pdf\" class=\"wp-block-file__button wp-element-button\" download=\"\" aria-describedby=\"wp-block-file--media-6cb12add-1790-496b-bd47-ffc0d524d46e\">Download<\/a><\/div>\n\n<p><\/p>\n\n<p><a href=\"http:\/\/thinc-israel.org\/external-recommended\/the-curious-case-of-francesca-albanese\/\">The curious case of Francesca Albanese &#8211; Israel and International Law<\/a><\/p>\n\n<p><\/p>\n\n<figure class=\"wp-block-embed is-type-wp-embed is-provider-israel-and-international-law wp-block-embed-israel-and-international-law\"><div class=\"wp-block-embed__wrapper\"> \n<blockquote class=\"wp-embedded-content\" data-secret=\"CkdWXWHGTd\"><a href=\"https:\/\/thinc-israel.org\/articles\/amnesty-international-seeks-to-expand-the-concept-of-genocide\/\">Amnesty International seeks to expand the concept of genocide<\/a><\/blockquote><iframe class=\"wp-embedded-content\" sandbox=\"allow-scripts\" security=\"restricted\" style=\"position: absolute; visibility: hidden;\" title=\"&#8220;Amnesty International seeks to expand the concept of genocide&#8221; &#8212; Israel and International Law\" src=\"https:\/\/thinc-israel.org\/articles\/amnesty-international-seeks-to-expand-the-concept-of-genocide\/embed\/#?secret=wRX638u90Q#?secret=CkdWXWHGTd\" data-secret=\"CkdWXWHGTd\" width=\"600\" height=\"338\" frameborder=\"0\" marginwidth=\"0\" marginheight=\"0\" scrolling=\"no\"><\/iframe>\n <\/div><\/figure>\n","protected":false},"excerpt":{"rendered":"<p>Bij Paulina Guerrero, thinc. Foto: De vergaderingen van de Mensenrechtenraad van de Verenigde Naties vinden plaats in de Human Rights and Alliance of Civilizations Room van het Paleis van de Naties, Gen\u00e8ve. Francesca Albanese, de speciale VN-rapporteur voor de &#8220;Bezette Palestijnse Gebieden&#8221;, is uitgenodigd om te spreken in de Commissie Buitenlandse Zaken van de Tweede [&hellip;]<\/p>\n","protected":false},"author":5,"featured_media":30081,"comment_status":"closed","ping_status":"closed","sticky":false,"template":"","format":"standard","meta":{"footnotes":""},"categories":[167],"tags":[],"topic":[],"class_list":["post-30084","post","type-post","status-publish","format-standard","has-post-thumbnail","hentry","category-uitleg"],"_links":{"self":[{"href":"http:\/\/thinc-israel.org\/nl\/wp-json\/wp\/v2\/posts\/30084","targetHints":{"allow":["GET"]}}],"collection":[{"href":"http:\/\/thinc-israel.org\/nl\/wp-json\/wp\/v2\/posts"}],"about":[{"href":"http:\/\/thinc-israel.org\/nl\/wp-json\/wp\/v2\/types\/post"}],"author":[{"embeddable":true,"href":"http:\/\/thinc-israel.org\/nl\/wp-json\/wp\/v2\/users\/5"}],"replies":[{"embeddable":true,"href":"http:\/\/thinc-israel.org\/nl\/wp-json\/wp\/v2\/comments?post=30084"}],"version-history":[{"count":2,"href":"http:\/\/thinc-israel.org\/nl\/wp-json\/wp\/v2\/posts\/30084\/revisions"}],"predecessor-version":[{"id":30102,"href":"http:\/\/thinc-israel.org\/nl\/wp-json\/wp\/v2\/posts\/30084\/revisions\/30102"}],"wp:featuredmedia":[{"embeddable":true,"href":"http:\/\/thinc-israel.org\/nl\/wp-json\/wp\/v2\/media\/30081"}],"wp:attachment":[{"href":"http:\/\/thinc-israel.org\/nl\/wp-json\/wp\/v2\/media?parent=30084"}],"wp:term":[{"taxonomy":"category","embeddable":true,"href":"http:\/\/thinc-israel.org\/nl\/wp-json\/wp\/v2\/categories?post=30084"},{"taxonomy":"post_tag","embeddable":true,"href":"http:\/\/thinc-israel.org\/nl\/wp-json\/wp\/v2\/tags?post=30084"},{"taxonomy":"topic","embeddable":true,"href":"http:\/\/thinc-israel.org\/nl\/wp-json\/wp\/v2\/topic?post=30084"}],"curies":[{"name":"wp","href":"https:\/\/api.w.org\/{rel}","templated":true}]}}